{"id":12273,"date":"2025-01-19T12:24:16","date_gmt":"2025-01-19T11:24:16","guid":{"rendered":"https:\/\/test.heide-camp-resort.de\/secondhome\/"},"modified":"2025-01-19T12:37:09","modified_gmt":"2025-01-19T11:37:09","slug":"secondhome","status":"publish","type":"post","link":"https:\/\/heide-camp-resort.de\/nl\/secondhome\/","title":{"rendered":"Besuchen Sie uns am Second Home Messe in Maastricht am 25. un 26.1"},"content":{"rendered":"\t\t<div data-elementor-type=\"wp-post\" data-elementor-id=\"12273\" class=\"elementor elementor-12273 elementor-12265\" data-elementor-post-type=\"post\">\n\t\t\t\t<div class=\"elementor-element elementor-element-1c37604c e-flex e-con-boxed e-con e-parent\" data-id=\"1c37604c\" data-element_type=\"container\" data-e-type=\"container\">\n\t\t\t\t\t<div class=\"e-con-inner\">\n\t\t\t\t<div class=\"elementor-element elementor-element-507c6955 elementor-widget elementor-widget-text-editor\" data-id=\"507c6955\" data-element_type=\"widget\" data-e-type=\"widget\" data-widget_type=\"text-editor.default\">\n\t\t\t\t<div class=\"elementor-widget-container\">\n\t\t\t\t\t\t\t\t\t<p>Wann?<br \/>\ud83d\udcc5 Samstag, 25.01.2025 | 10:00 &#8211; 17:00 Uhr<br \/>\ud83d\udcc5 Sonntag, 26.01.2025 | 10:00 &#8211; 17:00 Uhr<\/p><div class=\"flex-shrink-0 flex flex-col relative items-end\"><div><div class=\"pt-0\"><div class=\"gizmo-bot-avatar flex h-8 w-8 items-center justify-center overflow-hidden rounded-full\"><div class=\"relative p-1 rounded-sm flex items-center justify-center bg-token-main-surface-primary text-token-text-primary h-8 w-8\">\u00a0<\/div><\/div><\/div><\/div><\/div><div class=\"group\/conversation-turn relative flex w-full min-w-0 flex-col agent-turn\"><div class=\"flex-col gap-1 md:gap-3\"><div class=\"flex max-w-full flex-col flex-grow\"><div class=\"min-h-8 text-message flex w-full flex-col items-end gap-2 whitespace-normal break-words text-start [.text-message+&amp;]:mt-5\" dir=\"auto\" data-message-author-role=\"assistant\" data-message-id=\"fd37f12e-7777-42f4-b807-ee470f8927cd\" data-message-model-slug=\"gpt-4o\"><div class=\"flex w-full flex-col gap-1 empty:hidden first:pt-[3px]\"><div class=\"markdown prose w-full break-words dark:prose-invert light\"><p><strong>Einladung zur Second Home Messe in Maastricht!<\/strong> \ud83c\udfe1\u2728<\/p><p>Am <strong>25. und 26. Januar<\/strong> ist unser Team auf der <strong>Second Home Messe<\/strong> in Maastricht f\u00fcr Sie da.<\/p><p>Wir pr\u00e4sentieren Ihnen gerne alles \u00fcber unser einzigartiges Projekt: <strong>Heide Camp Resort<\/strong> \u2013 Ihr Traumziel inmitten der Natur.<\/p><p>\ud83d\udccd <strong>Wo?<\/strong> MECC Maastricht, Zuidhal, Standnummer <strong>320<\/strong><br \/>\ud83c\udf9f\ufe0f <strong>Eintritt frei!<\/strong> Bestellen Sie Ihre <strong>kostenlosen Eintrittskarten<\/strong> jetzt \u00fcber diesen\u00a0<a href=\"https:\/\/www.secondhome.nl\/tickets?invitation_code=JFTWCCTQXJ\" target=\"_blank\" rel=\"noopener\">Link\u00a0<\/a><\/p><p>https:\/\/www.secondhome.nl\/tickets?invitation_code=JFTWCCTQXJ<\/p><p>Bis bald in Maastricht!<\/p><\/div><\/div><\/div><\/div><\/div><\/div><p>Wir freuen uns auf Ihren Besuch und darauf, Ihnen unser einzigartiges Ferienresort vorzustellen!<\/p><p><strong>Ihr Team vom Heide Camp Resort Br\u00fcggen<\/strong><\/p>\t\t\t\t\t\t\t\t<\/div>\n\t\t\t\t<\/div>\n\t\t\t\t\t<\/div>\n\t\t\t\t<\/div>\n\t\t\t\t<\/div>\n\t\t","protected":false},"excerpt":{"rendered":"<p>Wann? \ud83d\udcc5 Samstag, 25.01.2025 | 10:00 &#8211; 17:00 Uhr \ud83d\udcc5 Sonntag, 26.01.2025 | 10:00 &#8211; 17:00 Uhr Einladung zur Second Home Messe in Maastricht! \ud83c\udfe1\u2728 Am 25. und 26. Januar ist unser Team auf der Second Home Messe in Maastricht f\u00fcr Sie da. Wir pr\u00e4sentieren Ihnen gerne alles \u00fcber unser einzigartiges Projekt: Heide Camp Resort [&hellip;]<\/p>\n","protected":false},"author":2,"featured_media":12267,"comment_status":"closed","ping_status":"closed","sticky":false,"template":"","format":"standard","meta":{"_acf_changed":false,"footnotes":""},"categories":[33],"tags":[],"class_list":["post-12273","post","type-post","status-publish","format-standard","has-post-thumbnail","hentry","category-geen-onderdeel-van-een-categorie-nl"],"acf":[],"yoast_head":"<!-- This site is optimized with the Yoast SEO plugin v25.4 - https:\/\/yoast.com\/wordpress\/plugins\/seo\/ -->\n<title>Besuchen Sie uns am Second Home Messe in Maastricht am 25. un 26.1 - Heide Camp Resort<\/title>\n<meta name=\"robots\" content=\"index, follow, max-snippet:-1, max-image-preview:large, max-video-preview:-1\" \/>\n<link rel=\"canonical\" href=\"https:\/\/heide-camp-resort.de\/nl\/secondhome\/\" \/>\n<meta property=\"og:locale\" content=\"nl_NL\" \/>\n<meta property=\"og:type\" content=\"article\" \/>\n<meta property=\"og:title\" content=\"Besuchen Sie uns am Second Home Messe in Maastricht am 25. un 26.1 - Heide Camp Resort\" \/>\n<meta property=\"og:description\" content=\"Wann? \ud83d\udcc5 Samstag, 25.01.2025 | 10:00 &#8211; 17:00 Uhr \ud83d\udcc5 Sonntag, 26.01.2025 | 10:00 &#8211; 17:00 Uhr Einladung zur Second Home Messe in Maastricht! \ud83c\udfe1\u2728 Am 25. und 26. Januar ist unser Team auf der Second Home Messe in Maastricht f\u00fcr Sie da. Wir pr\u00e4sentieren Ihnen gerne alles \u00fcber unser einzigartiges Projekt: Heide Camp Resort [&hellip;]\" \/>\n<meta property=\"og:url\" content=\"https:\/\/heide-camp-resort.de\/nl\/secondhome\/\" \/>\n<meta property=\"og:site_name\" content=\"Heide Camp Resort\" \/>\n<meta property=\"article:published_time\" content=\"2025-01-19T11:24:16+00:00\" \/>\n<meta property=\"article:modified_time\" content=\"2025-01-19T11:37:09+00:00\" \/>\n<meta property=\"og:image\" content=\"https:\/\/heide-camp-resort.de\/wp-content\/uploads\/2025\/01\/banner-website-HCR-scaled.jpg\" \/>\n\t<meta property=\"og:image:width\" content=\"2560\" \/>\n\t<meta property=\"og:image:height\" content=\"1280\" \/>\n\t<meta property=\"og:image:type\" content=\"image\/jpeg\" \/>\n<meta name=\"author\" content=\"Simone\" \/>\n<meta name=\"twitter:card\" content=\"summary_large_image\" \/>\n<meta name=\"twitter:label1\" content=\"Geschreven door\" \/>\n\t<meta name=\"twitter:data1\" content=\"Simone\" \/>\n\t<meta name=\"twitter:label2\" content=\"Geschatte leestijd\" \/>\n\t<meta name=\"twitter:data2\" content=\"1 minuut\" \/>\n<script type=\"application\/ld+json\" class=\"yoast-schema-graph\">{\"@context\":\"https:\/\/schema.org\",\"@graph\":[{\"@type\":\"WebPage\",\"@id\":\"https:\/\/heide-camp-resort.de\/nl\/secondhome\/\",\"url\":\"https:\/\/heide-camp-resort.de\/nl\/secondhome\/\",\"name\":\"Besuchen Sie uns am Second Home Messe in Maastricht am 25. un 26.1 - Heide Camp Resort\",\"isPartOf\":{\"@id\":\"https:\/\/heide-camp-resort.de\/nl\/#website\"},\"primaryImageOfPage\":{\"@id\":\"https:\/\/heide-camp-resort.de\/nl\/secondhome\/#primaryimage\"},\"image\":{\"@id\":\"https:\/\/heide-camp-resort.de\/nl\/secondhome\/#primaryimage\"},\"thumbnailUrl\":\"https:\/\/heide-camp-resort.de\/wp-content\/uploads\/2025\/01\/banner-website-HCR-scaled.jpg\",\"datePublished\":\"2025-01-19T11:24:16+00:00\",\"dateModified\":\"2025-01-19T11:37:09+00:00\",\"author\":{\"@id\":\"https:\/\/heide-camp-resort.de\/nl\/#\/schema\/person\/8de787f7f95dacaed4e600c389bb33c7\"},\"breadcrumb\":{\"@id\":\"https:\/\/heide-camp-resort.de\/nl\/secondhome\/#breadcrumb\"},\"inLanguage\":\"nl-NL\",\"potentialAction\":[{\"@type\":\"ReadAction\",\"target\":[\"https:\/\/heide-camp-resort.de\/nl\/secondhome\/\"]}]},{\"@type\":\"ImageObject\",\"inLanguage\":\"nl-NL\",\"@id\":\"https:\/\/heide-camp-resort.de\/nl\/secondhome\/#primaryimage\",\"url\":\"https:\/\/heide-camp-resort.de\/wp-content\/uploads\/2025\/01\/banner-website-HCR-scaled.jpg\",\"contentUrl\":\"https:\/\/heide-camp-resort.de\/wp-content\/uploads\/2025\/01\/banner-website-HCR-scaled.jpg\",\"width\":2560,\"height\":1280},{\"@type\":\"BreadcrumbList\",\"@id\":\"https:\/\/heide-camp-resort.de\/nl\/secondhome\/#breadcrumb\",\"itemListElement\":[{\"@type\":\"ListItem\",\"position\":1,\"name\":\"Home\",\"item\":\"https:\/\/heide-camp-resort.de\/nl\/\"},{\"@type\":\"ListItem\",\"position\":2,\"name\":\"Besuchen Sie uns am Second Home Messe in Maastricht am 25. un 26.1\"}]},{\"@type\":\"WebSite\",\"@id\":\"https:\/\/heide-camp-resort.de\/nl\/#website\",\"url\":\"https:\/\/heide-camp-resort.de\/nl\/\",\"name\":\"Heide Camp Resort\",\"description\":\"\",\"potentialAction\":[{\"@type\":\"SearchAction\",\"target\":{\"@type\":\"EntryPoint\",\"urlTemplate\":\"https:\/\/heide-camp-resort.de\/nl\/?s={search_term_string}\"},\"query-input\":{\"@type\":\"PropertyValueSpecification\",\"valueRequired\":true,\"valueName\":\"search_term_string\"}}],\"inLanguage\":\"nl-NL\"},{\"@type\":\"Person\",\"@id\":\"https:\/\/heide-camp-resort.de\/nl\/#\/schema\/person\/8de787f7f95dacaed4e600c389bb33c7\",\"name\":\"Simone\",\"image\":{\"@type\":\"ImageObject\",\"inLanguage\":\"nl-NL\",\"@id\":\"https:\/\/heide-camp-resort.de\/nl\/#\/schema\/person\/image\/\",\"url\":\"https:\/\/secure.gravatar.com\/avatar\/cf5e5c2f1b2ff13ee0ae9d627260af5475fb7eec5fa84fa0c4179ab537847a8f?s=96&d=mm&r=g\",\"contentUrl\":\"https:\/\/secure.gravatar.com\/avatar\/cf5e5c2f1b2ff13ee0ae9d627260af5475fb7eec5fa84fa0c4179ab537847a8f?s=96&d=mm&r=g\",\"caption\":\"Simone\"},\"url\":\"https:\/\/heide-camp-resort.de\/nl\/author\/simone\/\"}]}<\/script>\n<!-- \/ Yoast SEO plugin. -->","yoast_head_json":{"title":"Besuchen Sie uns am Second Home Messe in Maastricht am 25. un 26.1 - Heide Camp Resort","robots":{"index":"index","follow":"follow","max-snippet":"max-snippet:-1","max-image-preview":"max-image-preview:large","max-video-preview":"max-video-preview:-1"},"canonical":"https:\/\/heide-camp-resort.de\/nl\/secondhome\/","og_locale":"nl_NL","og_type":"article","og_title":"Besuchen Sie uns am Second Home Messe in Maastricht am 25. un 26.1 - Heide Camp Resort","og_description":"Wann? \ud83d\udcc5 Samstag, 25.01.2025 | 10:00 &#8211; 17:00 Uhr \ud83d\udcc5 Sonntag, 26.01.2025 | 10:00 &#8211; 17:00 Uhr Einladung zur Second Home Messe in Maastricht! \ud83c\udfe1\u2728 Am 25. und 26. Januar ist unser Team auf der Second Home Messe in Maastricht f\u00fcr Sie da. Wir pr\u00e4sentieren Ihnen gerne alles \u00fcber unser einzigartiges Projekt: Heide Camp Resort [&hellip;]","og_url":"https:\/\/heide-camp-resort.de\/nl\/secondhome\/","og_site_name":"Heide Camp Resort","article_published_time":"2025-01-19T11:24:16+00:00","article_modified_time":"2025-01-19T11:37:09+00:00","og_image":[{"width":2560,"height":1280,"url":"https:\/\/heide-camp-resort.de\/wp-content\/uploads\/2025\/01\/banner-website-HCR-scaled.jpg","type":"image\/jpeg"}],"author":"Simone","twitter_card":"summary_large_image","twitter_misc":{"Geschreven door":"Simone","Geschatte leestijd":"1 minuut"},"schema":{"@context":"https:\/\/schema.org","@graph":[{"@type":"WebPage","@id":"https:\/\/heide-camp-resort.de\/nl\/secondhome\/","url":"https:\/\/heide-camp-resort.de\/nl\/secondhome\/","name":"Besuchen Sie uns am Second Home Messe in Maastricht am 25. un 26.1 - Heide Camp Resort","isPartOf":{"@id":"https:\/\/heide-camp-resort.de\/nl\/#website"},"primaryImageOfPage":{"@id":"https:\/\/heide-camp-resort.de\/nl\/secondhome\/#primaryimage"},"image":{"@id":"https:\/\/heide-camp-resort.de\/nl\/secondhome\/#primaryimage"},"thumbnailUrl":"https:\/\/heide-camp-resort.de\/wp-content\/uploads\/2025\/01\/banner-website-HCR-scaled.jpg","datePublished":"2025-01-19T11:24:16+00:00","dateModified":"2025-01-19T11:37:09+00:00","author":{"@id":"https:\/\/heide-camp-resort.de\/nl\/#\/schema\/person\/8de787f7f95dacaed4e600c389bb33c7"},"breadcrumb":{"@id":"https:\/\/heide-camp-resort.de\/nl\/secondhome\/#breadcrumb"},"inLanguage":"nl-NL","potentialAction":[{"@type":"ReadAction","target":["https:\/\/heide-camp-resort.de\/nl\/secondhome\/"]}]},{"@type":"ImageObject","inLanguage":"nl-NL","@id":"https:\/\/heide-camp-resort.de\/nl\/secondhome\/#primaryimage","url":"https:\/\/heide-camp-resort.de\/wp-content\/uploads\/2025\/01\/banner-website-HCR-scaled.jpg","contentUrl":"https:\/\/heide-camp-resort.de\/wp-content\/uploads\/2025\/01\/banner-website-HCR-scaled.jpg","width":2560,"height":1280},{"@type":"BreadcrumbList","@id":"https:\/\/heide-camp-resort.de\/nl\/secondhome\/#breadcrumb","itemListElement":[{"@type":"ListItem","position":1,"name":"Home","item":"https:\/\/heide-camp-resort.de\/nl\/"},{"@type":"ListItem","position":2,"name":"Besuchen Sie uns am Second Home Messe in Maastricht am 25. un 26.1"}]},{"@type":"WebSite","@id":"https:\/\/heide-camp-resort.de\/nl\/#website","url":"https:\/\/heide-camp-resort.de\/nl\/","name":"Heide Camp Resort","description":"","potentialAction":[{"@type":"SearchAction","target":{"@type":"EntryPoint","urlTemplate":"https:\/\/heide-camp-resort.de\/nl\/?s={search_term_string}"},"query-input":{"@type":"PropertyValueSpecification","valueRequired":true,"valueName":"search_term_string"}}],"inLanguage":"nl-NL"},{"@type":"Person","@id":"https:\/\/heide-camp-resort.de\/nl\/#\/schema\/person\/8de787f7f95dacaed4e600c389bb33c7","name":"Simone","image":{"@type":"ImageObject","inLanguage":"nl-NL","@id":"https:\/\/heide-camp-resort.de\/nl\/#\/schema\/person\/image\/","url":"https:\/\/secure.gravatar.com\/avatar\/cf5e5c2f1b2ff13ee0ae9d627260af5475fb7eec5fa84fa0c4179ab537847a8f?s=96&d=mm&r=g","contentUrl":"https:\/\/secure.gravatar.com\/avatar\/cf5e5c2f1b2ff13ee0ae9d627260af5475fb7eec5fa84fa0c4179ab537847a8f?s=96&d=mm&r=g","caption":"Simone"},"url":"https:\/\/heide-camp-resort.de\/nl\/author\/simone\/"}]}},"_links":{"self":[{"href":"https:\/\/heide-camp-resort.de\/nl\/wp-json\/wp\/v2\/posts\/12273","targetHints":{"allow":["GET"]}}],"collection":[{"href":"https:\/\/heide-camp-resort.de\/nl\/wp-json\/wp\/v2\/posts"}],"about":[{"href":"https:\/\/heide-camp-resort.de\/nl\/wp-json\/wp\/v2\/types\/post"}],"author":[{"embeddable":true,"href":"https:\/\/heide-camp-resort.de\/nl\/wp-json\/wp\/v2\/users\/2"}],"replies":[{"embeddable":true,"href":"https:\/\/heide-camp-resort.de\/nl\/wp-json\/wp\/v2\/comments?post=12273"}],"version-history":[{"count":1,"href":"https:\/\/heide-camp-resort.de\/nl\/wp-json\/wp\/v2\/posts\/12273\/revisions"}],"predecessor-version":[{"id":12274,"href":"https:\/\/heide-camp-resort.de\/nl\/wp-json\/wp\/v2\/posts\/12273\/revisions\/12274"}],"wp:featuredmedia":[{"embeddable":true,"href":"https:\/\/heide-camp-resort.de\/nl\/wp-json\/wp\/v2\/media\/12267"}],"wp:attachment":[{"href":"https:\/\/heide-camp-resort.de\/nl\/wp-json\/wp\/v2\/media?parent=12273"}],"wp:term":[{"taxonomy":"category","embeddable":true,"href":"https:\/\/heide-camp-resort.de\/nl\/wp-json\/wp\/v2\/categories?post=12273"},{"taxonomy":"post_tag","embeddable":true,"href":"https:\/\/heide-camp-resort.de\/nl\/wp-json\/wp\/v2\/tags?post=12273"}],"curies":[{"name":"wp","href":"https:\/\/api.w.org\/{rel}","templated":true}]}}